{"id":63575,"date":"2023-12-05T17:58:21","date_gmt":"2023-12-05T17:58:21","guid":{"rendered":"https:\/\/www.bocadolobo.com\/en\/inspiration-and-ideas\/?p=63575"},"modified":"2023-12-05T17:59:05","modified_gmt":"2023-12-05T17:59:05","slug":"art-basel-miami-beach-highlights-for-the-2023-edition","status":"publish","type":"post","link":"https:\/\/www.bocadolobo.com\/en\/inspiration-and-ideas\/art-basel-miami-beach-highlights-for-the-2023-edition\/","title":{"rendered":"Art Basel Miami Beach | Highlights For The 2023 Edition"},"content":{"rendered":"\n<p>Founded in 1970 by gallerists from Basel<span style=\"text-decoration: underline;\">,<\/span> <span style=\"text-decoration: underline;\"><strong><em>Art Basel Miami Beach<\/em><\/strong><\/span> today stages the world\u2019s premier art shows for <strong>modern and <a rel=\"noreferrer noopener\" href=\"https:\/\/www.bocadolobo.com\/en\/inspiration-and-ideas\/tag\/contemporary-art\/?utm_origem=blog&amp;utm_meio=artigo-texto&amp;utm_conteudo=inspirationandideas-artbaselmiamibeach&amp;utm_campanha=brandawareness&amp;utm_termo=aribeiro\" target=\"_blank\" title=\"\">contemporary art<\/a><\/strong>, sited in Basel, Miami Beach, Hong Kong, and Paris. Defined by its host city and region, <strong>each show is unique, which is reflected in its participating galleries, artworks presented, and the content of parallel programming produced in collaboration<\/strong> with local institutions for each edition. This year, <strong><em>Art Basel Miami Beach<\/em><\/strong> is happening from <strong>8-10 of December<\/strong>. <\/p>\n\n\n\n<p><\/p>\n\n\n\n<p><\/p>\n\n\n\n<h5 class=\"wp-block-heading has-text-align-center\">\n<br>See also: <a href=\"https:\/\/www.bocadolobo.com\/en\/inspiration-and-ideas\/design-miami-19th-edition-of-miami-beach-fair\/?utm_origem=blog&amp;utm_meio=artigo-texto&amp;utm_conteudo=inspirationandideas-artbaselmiamibeach&amp;utm_campanha=brandawareness&amp;utm_termo=aribeiro\" target=\"_blank\" rel=\"noreferrer noopener\" title=\"\">Design Miami\/ | 19th Edition Of Miami Beach Fair<\/a>\n<\/h5>\n\n\n\n<p><\/p>\n\n\n\n<p><\/p>\n\n\n<div class=\"wp-block-image\">\n<figure class=\"aligncenter size-large\"><a href=\"https:\/\/www.bocadolobo.com\/en\/landing-page\/intimate-luxury\/?utm_origem=blog&amp;utm_meio=artigo-banner&amp;utm_conteudo=inspirationandideas-artbaselmiamibeac&amp;utm_campanha=370-intimateluxury&amp;utm_termo=aribeiro\" target=\"_blank\" rel=\"noreferrer noopener\" title=\"\"><img decoding=\"async\" loading=\"lazy\" width=\"1024\" height=\"472\" src=\"https:\/\/www.bocadolobo.com\/en\/inspiration-and-ideas\/wp-content\/uploads\/2023\/10\/bocadolobo_initmateluxury_book-1024x472.jpg\" alt=\"Intimate Luxury banner\" class=\"wp-image-62566\" srcset=\"https:\/\/www.bocadolobo.com\/en\/inspiration-and-ideas\/wp-content\/uploads\/2023\/10\/bocadolobo_initmateluxury_book-1024x472.jpg 1024w, https:\/\/www.bocadolobo.com\/en\/inspiration-and-ideas\/wp-content\/uploads\/2023\/10\/bocadolobo_initmateluxury_book-300x138.jpg 300w, https:\/\/www.bocadolobo.com\/en\/inspiration-and-ideas\/wp-content\/uploads\/2023\/10\/bocadolobo_initmateluxury_book-768x354.jpg 768w, https:\/\/www.bocadolobo.com\/en\/inspiration-and-ideas\/wp-content\/uploads\/2023\/10\/bocadolobo_initmateluxury_book-1536x708.jpg 1536w, https:\/\/www.bocadolobo.com\/en\/inspiration-and-ideas\/wp-content\/uploads\/2023\/10\/bocadolobo_initmateluxury_book-1400x645.jpg 1400w, https:\/\/www.bocadolobo.com\/en\/inspiration-and-ideas\/wp-content\/uploads\/2023\/10\/bocadolobo_initmateluxury_book-900x415.jpg 900w, https:\/\/www.bocadolobo.com\/en\/inspiration-and-ideas\/wp-content\/uploads\/2023\/10\/bocadolobo_initmateluxury_book.jpg 1903w\" sizes=\"(max-width: 1024px) 100vw, 1024px\"><\/a><\/figure>\n<\/div>\n\n\n<p><\/p>\n\n\n\n<p><\/p>\n\n\n\n<p><\/p>\n\n\n\n<p><\/p>\n\n\n\n<p><\/p>\n\n\n\n<p><\/p>\n\n\n\n<p><\/p>\n\n\n\n<p><\/p>\n\n\n\n<p><\/p>\n\n\n\n<p><\/p>\n\n\n\n<p><\/p>\n\n\n\n<p><\/p>\n\n\n\n<p><\/p>\n\n\n\n<p><\/p>\n\n\n\n<p><\/p>\n\n\n\n<hr class=\"wp-block-separator has-alpha-channel-opacity\">\n\n\n\n<p><\/p>\n\n\n\n<p><\/p>\n\n\n\n<p><\/p>\n\n\n\n<p><\/p>\n\n\n\n<p><\/p>\n\n\n\n<p><\/p>\n\n\n\n<p><\/p>\n\n\n\n<p><\/p>\n\n\n\n<p><\/p>\n\n\n\n<p><\/p>\n\n\n\n<p><\/p>\n\n\n\n<p><\/p>\n\n\n\n<p><\/p>\n\n\n\n<p><\/p>\n\n\n\n<p><\/p>\n\n\n\n<p><\/p>\n\n\n\n<p>Art Basel\u2019s engagement has expanded beyond art fairs through new digital platforms and initiatives such as the Art Basel and UBS Global Art Market Report. Art Basel\u2019s Global Media Partner is The Financial Times.<\/p>\n\n\n\n<p><\/p>\n\n\n\n<p><\/p>\n\n\n\n<p><\/p>\n\n\n\n<p><\/p>\n\n\n\n<p><\/p>\n\n\n\n<p><\/p>\n\n\n\n<p><\/p>\n\n\n\n<p><\/p>\n\n\n\n<p><\/p>\n\n\n\n<p><\/p>\n\n\n\n<p><\/p>\n\n\n\n<p><\/p>\n\n\n\n<p><\/p>\n\n\n\n<p><\/p>\n\n\n\n<p><\/p>\n\n\n\n<p><\/p>\n\n\n\n<p><\/p>\n\n\n\n<p><\/p>\n\n\n<div class=\"wp-block-image\">\n<figure class=\"aligncenter size-full\"><a href=\"https:\/\/www.bocadolobo.com\/en\/products\/?utm_origem=blog&amp;utm_meio=artigo-imagem&amp;utm_conteudo=inspirationandideas-artbaselmiamibeac&amp;utm_campanha=brandawareness&amp;utm_termo=aribeiro\" target=\"_blank\" rel=\"noreferrer noopener\" title=\"\"><img decoding=\"async\" loading=\"lazy\" width=\"720\" height=\"450\" src=\"https:\/\/www.bocadolobo.com\/en\/inspiration-and-ideas\/wp-content\/uploads\/2023\/12\/Art_Basel_2024_Cultural_Institutions.jpg\" alt=\"\" class=\"wp-image-63587\" srcset=\"https:\/\/www.bocadolobo.com\/en\/inspiration-and-ideas\/wp-content\/uploads\/2023\/12\/Art_Basel_2024_Cultural_Institutions.jpg 720w, https:\/\/www.bocadolobo.com\/en\/inspiration-and-ideas\/wp-content\/uploads\/2023\/12\/Art_Basel_2024_Cultural_Institutions-300x188.jpg 300w, https:\/\/www.bocadolobo.com\/en\/inspiration-and-ideas\/wp-content\/uploads\/2023\/12\/Art_Basel_2024_Cultural_Institutions-480x300.jpg 480w\" sizes=\"(max-width: 720px) 100vw, 720px\"><\/a><figcaption class=\"wp-element-caption\"><strong>Source: <a rel=\"noreferrer noopener\" href=\"https:\/\/www.artbasel.com\/miami-beach\" target=\"_blank\" title=\"\">Art Basel<\/a> | Miami Beach<\/strong><\/figcaption><\/figure>\n<\/div>\n\n\n<p><\/p>\n\n\n\n<p><\/p>\n\n\n\n<p><\/p>\n\n\n\n<p><\/p>\n\n\n\n<p><\/p>\n\n\n\n<p><\/p>\n\n\n\n<p><\/p>\n\n\n\n<p><\/p>\n\n\n\n<p><\/p>\n\n\n\n<p><\/p>\n\n\n\n<p><\/p>\n\n\n\n<p><\/p>\n\n\n\n<p><\/p>\n\n\n\n<p><\/p>\n\n\n\n<h5 class=\"wp-block-heading\">\n<br><strong><em>Art Basel Miami Beach<\/em> | NOVEMBER 9 | 2023<\/strong>\n<\/h5>\n\n\n\n<p><\/p>\n\n\n\n<p><\/p>\n\n\n\n<p><\/p>\n\n\n\n<p><\/p>\n\n\n\n<p><\/p>\n\n\n\n<p><\/p>\n\n\n\n<p><\/p>\n\n\n\n<p><\/p>\n\n\n\n<p><\/p>\n\n\n\n<p><\/p>\n\n\n\n<p><\/p>\n\n\n\n<p><\/p>\n\n\n\n<p><\/p>\n\n\n\n<p><\/p>\n\n\n\n<p>Art Basel announces additional show highlights for the 2023 edition of its Americas fair in Miami Beach, as well as a vibrant cultural program within the halls and across Miami Beach:<\/p>\n\n\n\n<p><\/p>\n\n\n\n<ul>\n<li>The leading fair in the Americas will welcome 277 premier international galleries this December, with 25 newcomers joining an outstanding line-up of veteran exhibitors, two-thirds of which hail from North and Latin America.<br>\n<\/li>\n\n\n\n<li>Dedicated to monumental artworks, the Meridians sector will host 19 thought-provoking projects including new and site-specific works, with a focus on new perspectives on how we collectively inhabit our planet.<br>\n<\/li>\n\n\n\n<li>The Kabinett sector will feature 30 galleries showcasing 28 carefully curated installations within their main booths.<br>\n<\/li>\n\n\n\n<li>Free to the public, Art Basel\u2019s Conversations program will return with a series of live debates among thought leaders on the key topics shaping the world of art and culture, with a focus on celebrating Latin America<br>\n<\/li>\n\n\n\n<li>Beyond the fair halls, Art Basel will collaborate with world-class institutions, <strong><a href=\"https:\/\/www.bocadolobo.com\/en\/products\/safes\/?utm_origem=blog&amp;utm_meio=artigo-texto&amp;utm_conteudo=inspirationandideas-artbaselmiamibeach&amp;utm_campanha=brandawareness&amp;utm_termo=aribeiro\" target=\"_blank\" rel=\"noreferrer noopener\" title=\"\">private collections<\/a><\/strong>, and cultural partners for an expanded program of exhibitions and events across Miami Beach throughout the fair week.<br>\n<\/li>\n\n\n\n<li>Art Basel, whose Global Lead Partner is UBS, will take place at the Miami Beach Convention Center (MBCC) from December 8 to 10, 2023, with Preview Days on December 6 and 7.<\/li>\n<\/ul>\n\n\n\n<p><\/p>\n\n\n\n<p><\/p>\n\n\n\n<p><\/p>\n\n\n\n<p><\/p>\n\n\n\n<p><\/p>\n\n\n\n<p><\/p>\n\n\n\n<p><\/p>\n\n\n\n<p><\/p>\n\n\n\n<p><\/p>\n\n\n\n<p><\/p>\n\n\n\n<p><\/p>\n\n\n\n<p><\/p>\n\n\n\n<p><\/p>\n\n\n\n<p><\/p>\n\n\n\n<p><\/p>\n\n\n\n<p><\/p>\n\n\n\n<p><\/p>\n\n\n\n<p><\/p>\n\n\n\n<p><\/p>\n\n\n\n<h6 class=\"wp-block-heading has-text-align-center\"><strong>\u201c<em>We welcome the artworld back to Art Basel Miami Beach this year with curated sectors and programming as inspired and ambitious as ever,\u201d <\/em>said\u00a0Vincenzo de Bellis, Director, Fairs and Exhibition Platforms, Art Basel<em>. \u201cMeridians will host 19 exceptional projects that go beyond the traditional art fair format to explore how we engage with our shifting natural and cultural environments. Our Kabinett sector will return with several first-time exhibitors, and our Conversations program will celebrate Miami Beach as the geographic and creative nexus of North and Latin America. Outside the halls, a truly exceptional cultural program will unfold at Miami Beach\u2019s institutions and private collections, from Hernan Bas, Anne Duk Hee Jordan, and Etel Adnan at The Bass, to Charles Gaines and Tau Lewis at ICA Miami, to Gary Simmons at PAMM.<\/em>\u201c<\/strong><\/h6>\n\n\n\n<p><\/p>\n\n\n\n<p><\/p>\n\n\n\n<p><\/p>\n\n\n\n<p><\/p>\n\n\n\n<p><\/p>\n\n\n\n<p><\/p>\n\n\n\n<p><\/p>\n\n\n\n<p><\/p>\n\n\n\n<p><\/p>\n\n\n\n<p><\/p>\n\n\n\n<p><\/p>\n\n\n\n<p><\/p>\n\n\n\n<p><\/p>\n\n\n\n<p><\/p>\n\n\n\n<p><\/p>\n\n\n\n<p><\/p>\n\n\n\n<p><\/p>\n\n\n\n<p><\/p>\n\n\n\n<p><\/p>\n\n\n<div class=\"wp-block-image\">\n<figure class=\"aligncenter size-full\"><a href=\"https:\/\/www.bocadolobo.com\/en\/room-by-room\/?utm_origem=blog&amp;utm_meio=artigo-imagem&amp;utm_conteudo=inspirationandideas-artbaselmiamibeac&amp;utm_campanha=brandawareness&amp;utm_termo=aribeiro\" target=\"_blank\" rel=\"noreferrer noopener\" title=\"\"><img decoding=\"async\" loading=\"lazy\" width=\"928\" height=\"580\" src=\"https:\/\/www.bocadolobo.com\/en\/inspiration-and-ideas\/wp-content\/uploads\/2023\/12\/tzwlxu3xulwe2mk5gbzb.jpg\" alt=\"\" class=\"wp-image-63579\" srcset=\"https:\/\/www.bocadolobo.com\/en\/inspiration-and-ideas\/wp-content\/uploads\/2023\/12\/tzwlxu3xulwe2mk5gbzb.jpg 928w, https:\/\/www.bocadolobo.com\/en\/inspiration-and-ideas\/wp-content\/uploads\/2023\/12\/tzwlxu3xulwe2mk5gbzb-300x188.jpg 300w, https:\/\/www.bocadolobo.com\/en\/inspiration-and-ideas\/wp-content\/uploads\/2023\/12\/tzwlxu3xulwe2mk5gbzb-768x480.jpg 768w, https:\/\/www.bocadolobo.com\/en\/inspiration-and-ideas\/wp-content\/uploads\/2023\/12\/tzwlxu3xulwe2mk5gbzb-480x300.jpg 480w, https:\/\/www.bocadolobo.com\/en\/inspiration-and-ideas\/wp-content\/uploads\/2023\/12\/tzwlxu3xulwe2mk5gbzb-900x563.jpg 900w\" sizes=\"(max-width: 928px) 100vw, 928px\"><\/a><figcaption class=\"wp-element-caption\"><strong>Source: <a rel=\"noreferrer noopener\" href=\"https:\/\/www.artbasel.com\/miami-beach\" target=\"_blank\" title=\"\">Art Basel<\/a> | Miami Beach<\/strong><\/figcaption><\/figure>\n<\/div>\n\n\n<p><\/p>\n\n\n\n<p><\/p>\n\n\n\n<p><\/p>\n\n\n\n<p><\/p>\n\n\n\n<p><\/p>\n\n\n\n<p><\/p>\n\n\n\n<p><\/p>\n\n\n\n<p><\/p>\n\n\n\n<p><\/p>\n\n\n\n<p><\/p>\n\n\n\n<p><\/p>\n\n\n\n<p><\/p>\n\n\n\n<p><\/p>\n\n\n\n<p><\/p>\n\n\n\n<p><\/p>\n\n\n\n<p><\/p>\n\n\n\n<p><\/p>\n\n\n\n<p><\/p>\n\n\n\n<p><\/p>\n\n\n\n<p><\/p>\n\n\n\n<h5 class=\"wp-block-heading has-text-align-center\">\n<em>Art Basel Miami Beach<\/em> |  Meridians<\/h5>\n\n\n\n<p><\/p>\n\n\n\n<p><\/p>\n\n\n\n<p><\/p>\n\n\n\n<p><\/p>\n\n\n\n<p><\/p>\n\n\n\n<p><\/p>\n\n\n\n<p><strong>Featuring 19 <a href=\"https:\/\/www.bocadolobo.com\/en\/projects\/?utm_origem=blog&amp;utm_meio=artigo-texto&amp;utm_conteudo=inspirationandideas-artbaselmiamibeach&amp;utm_campanha=brandawareness&amp;utm_termo=aribeiro\" target=\"_blank\" rel=\"noreferrer noopener\" title=\"\">projects<\/a> this year<\/strong>, including new and site-specific works for<strong><em> Art Basel Miami Beach<\/em><\/strong>, Meridians invites exhibitors to showcase monumental historical and contemporary works which transcend the traditional art fair booth. Curated for the fourth consecutive year by Magal\u00ed Arriola, Mexico City-based curator and Director of Museo Tamayo Arte Contemporaneo, this edition of the sector brings together works \u2018that speak to nature, to the land, and to various cultural and spiritual geographies in a world of changing boundaries and shifting identities,\u2019 said Arriola.<\/p>\n\n\n\n<p><\/p>\n\n\n\n<p><\/p>\n\n\n\n<p><\/p>\n\n\n\n<p><\/p>\n\n\n\n<p><\/p>\n\n\n\n<p><\/p>\n\n\n<div class=\"wp-block-image\">\n<figure class=\"aligncenter size-full is-resized\"><a href=\"https:\/\/www.bocadolobo.com\/en\/room-by-room\/?utm_origem=blog&amp;utm_meio=artigo-imagem&amp;utm_conteudo=inspirationandideas-artbaselmiamibeac&amp;utm_campanha=brandawareness&amp;utm_termo=aribeiro\" target=\"_blank\" rel=\"noreferrer noopener\" title=\"\"><img decoding=\"async\" loading=\"lazy\" src=\"https:\/\/www.bocadolobo.com\/en\/inspiration-and-ideas\/wp-content\/uploads\/2023\/12\/Art_Basel_2023_Partners-1.jpg\" alt=\"\" class=\"wp-image-63582\" width=\"840\" height=\"525\" srcset=\"https:\/\/www.bocadolobo.com\/en\/inspiration-and-ideas\/wp-content\/uploads\/2023\/12\/Art_Basel_2023_Partners-1.jpg 720w, https:\/\/www.bocadolobo.com\/en\/inspiration-and-ideas\/wp-content\/uploads\/2023\/12\/Art_Basel_2023_Partners-1-300x188.jpg 300w, https:\/\/www.bocadolobo.com\/en\/inspiration-and-ideas\/wp-content\/uploads\/2023\/12\/Art_Basel_2023_Partners-1-480x300.jpg 480w\" sizes=\"(max-width: 840px) 100vw, 840px\"><\/a><figcaption class=\"wp-element-caption\"><strong>Source: <a rel=\"noreferrer noopener\" href=\"https:\/\/www.artbasel.com\/miami-beach\" target=\"_blank\" title=\"\">Art Basel<\/a> | Miami Beach<\/strong><\/figcaption><\/figure>\n<\/div>\n\n\n<p><\/p>\n\n\n\n<p><\/p>\n\n\n\n<p><\/p>\n\n\n\n<p><\/p>\n\n\n\n<p><\/p>\n\n\n\n<p><\/p>\n\n\n\n<p><\/p>\n\n\n\n<p><\/p>\n\n\n\n<p><\/p>\n\n\n\n<p><\/p>\n\n\n\n<p><\/p>\n\n\n\n<p><\/p>\n\n\n\n<p><\/p>\n\n\n\n<figure class=\"wp-block-gallery has-nested-images columns-default is-cropped wp-block-gallery-1 is-layout-flex\">\n<figure class=\"wp-block-image size-large\"><a href=\"https:\/\/www.bocadolobo.com\/en\/products\/?utm_origem=blog&amp;utm_meio=artigo-imagem&amp;utm_conteudo=inspirationandideas-artbaselmiamibeac&amp;utm_campanha=brandawareness&amp;utm_termo=aribeiro\" target=\"_blank\" rel=\"noreferrer noopener\" title=\"\"><img decoding=\"async\" loading=\"lazy\" width=\"469\" height=\"293\" data-id=\"63584\" src=\"https:\/\/www.bocadolobo.com\/en\/inspiration-and-ideas\/wp-content\/uploads\/2023\/12\/Print_approx_21_x_14_cm_2022_10_25_AB_jackman_412-1.jpg\" alt=\"\" class=\"wp-image-63584\" srcset=\"https:\/\/www.bocadolobo.com\/en\/inspiration-and-ideas\/wp-content\/uploads\/2023\/12\/Print_approx_21_x_14_cm_2022_10_25_AB_jackman_412-1.jpg 469w, https:\/\/www.bocadolobo.com\/en\/inspiration-and-ideas\/wp-content\/uploads\/2023\/12\/Print_approx_21_x_14_cm_2022_10_25_AB_jackman_412-1-300x187.jpg 300w\" sizes=\"(max-width: 469px) 100vw, 469px\"><\/a><figcaption class=\"wp-element-caption\"><strong>Source: <a rel=\"noreferrer noopener\" href=\"https:\/\/www.artbasel.com\/miami-beach\" target=\"_blank\" title=\"\">Art Basel<\/a> | Miami Beach<\/strong><\/figcaption><\/figure>\n\n\n\n<figure class=\"wp-block-image size-full is-style-default\"><a href=\"https:\/\/www.bocadolobo.com\/en\/products\/?utm_origem=blog&amp;utm_meio=artigo-imagem&amp;utm_conteudo=inspirationandideas-artbaselmiamibeac&amp;utm_campanha=brandawareness&amp;utm_termo=aribeiro\" target=\"_blank\" rel=\"noreferrer noopener\" title=\"\"><img decoding=\"async\" loading=\"lazy\" width=\"600\" height=\"398\" data-id=\"63585\" src=\"https:\/\/www.bocadolobo.com\/en\/inspiration-and-ideas\/wp-content\/uploads\/2023\/12\/kf3gubvbhq08lsnrmfuk.jpg\" alt=\"\" class=\"wp-image-63585\" srcset=\"https:\/\/www.bocadolobo.com\/en\/inspiration-and-ideas\/wp-content\/uploads\/2023\/12\/kf3gubvbhq08lsnrmfuk.jpg 600w, https:\/\/www.bocadolobo.com\/en\/inspiration-and-ideas\/wp-content\/uploads\/2023\/12\/kf3gubvbhq08lsnrmfuk-300x199.jpg 300w\" sizes=\"(max-width: 600px) 100vw, 600px\"><\/a><figcaption class=\"wp-element-caption\"><strong>Source: <a rel=\"noreferrer noopener\" href=\"https:\/\/www.artbasel.com\/miami-beach\" target=\"_blank\" title=\"\">Art Basel<\/a> | Miami Beach<\/strong><\/figcaption><\/figure>\n<\/figure>\n\n\n\n<p><\/p>\n\n\n\n<p><\/p>\n\n\n\n<p><\/p>\n\n\n\n<p><\/p>\n\n\n\n<p><\/p>\n\n\n\n<p><\/p>\n\n\n\n<p><\/p>\n\n\n\n<p><\/p>\n\n\n\n<p><\/p>\n\n\n\n<p><\/p>\n\n\n\n<p><\/p>\n\n\n\n<p><\/p>\n\n\n\n<p><\/p>\n\n\n\n<p><\/p>\n\n\n\n<p><\/p>\n\n\n\n<p><\/p>\n\n\n\n<p><\/p>\n\n\n\n<p><\/p>\n\n\n\n<h5 class=\"wp-block-heading has-text-align-center\">Highlights Include:<\/h5>\n\n\n\n<p><\/p>\n\n\n\n<ul>\n<li>A new installation by American artist Ja\u2019Tovia Gary, featuring a 26-minute film composed of <strong><a href=\"https:\/\/www.iloboyou.com\/vintage-inspired-luxury-with-boca-do-lobo\/?utm_origem=blog&amp;utm_meio=artigo-texto&amp;utm_conteudo=inspirationandideas-artbaselmiamibeach&amp;utm_campanha=brandawareness&amp;utm_termo=aribeiro\" target=\"_blank\" rel=\"noreferrer noopener\" title=\"\">vintage<\/a><\/strong> Hollywood imagery, direct animation, original super8 footage, and documentary elements, as well as a recreated domestic environment, responding to Toni Morrison\u2019s seminal 1970 novel The Bluest Eye, presented by Paula Cooper Gallery (New York). <br>\n<\/li>\n\n\n\n<li>Four sculptures in the form of trophies by Guyanese-British artist Hew Locke reflecting on the exercise and representation of power, in a suite titled Gilt (2022) created for The Met\u2019s historic fa\u00e7ade niches and referencing works of art in the museum\u2019s collection, presented by Almine Rech (Paris, Brussels, Shanghai, London, New York).<br>\n<\/li>\n\n\n\n<li>Private Collection (2023), a new sculptural installation by Bay Area-artist Saif Azzuz in the form of a painted fence yard, probing questions of access, the privatization of land, settler colonialism, and Indigenous resilience, presented by Nicelle Beauchene Gallery (New York).<br>\n<\/li>\n\n\n\n<li>1968: El fuego de las Ideas (\u20181968: The Fire of Ideas\u2019) (2014-2018) by Argentinean artist and human rights activist Marcelo Brodsky, a sprawling display of archival images depicting global public and political manifestations which took place in 1968, presented by Rolf Art (Buenos Aires).<br>\n<\/li>\n\n\n\n<li>The Cellist (2023), Miami-based artist Reginald O\u2019Neal\u2019s first sculptural installation, a new ten-foot-tall reproduction of a small jazz cellist figurine in an environment which replicates scenes from the artist\u2019s \u2018Entertainer\u2019 painting series, presented by Spinello Projects (Miami).<br>\n<\/li>\n\n\n\n<li>Compatriots (2023), an installation comprised of several large-scale figurative paintings by Julie Buffalohead, Minnesota-based artist and member of the Ponca Tribe of Oklahoma, drawing from a symbolic lexicon inspired by the artist\u2019s <strong><a href=\"https:\/\/www.bocadolobo.com\/en\/limited-edition\/sideboards\/heritage\/?utm_origem=blog&amp;utm_meio=artigo-texto&amp;utm_conteudo=inspirationandideas-artbaselmiamibeach&amp;utm_campanha=brandawareness&amp;utm_termo=aribeiro\" target=\"_blank\" rel=\"noreferrer noopener\" title=\"\">heritage<\/a><\/strong>, presented by Jessica Silverman (San Francisco).<br>\n<\/li>\n\n\n\n<li>89,911 \u2013 An. \/ 86,054 \u2013 Ob. (2021) from Mexican artist Gabriel de la Mora\u2019s \u2018\u00cdgnea\u2019 series, featuring monochromatic works comprised of <strong><a href=\"https:\/\/www.bocadolobo.com\/blog\/exclusive\/the-exquisite-craftsmanship-of-boca-do-lobos-wood-carving\/?utm_origem=blog&amp;utm_meio=artigo-texto&amp;utm_conteudo=inspirationandideas-artbaselmiamibeach&amp;utm_campanha=brandawareness&amp;utm_termo=aribeiro\" target=\"_blank\" rel=\"noreferrer noopener\" title=\"\">hand-carved<\/a><\/strong> andesite and obsidian fragments on<strong> <a rel=\"noreferrer noopener\" href=\"https:\/\/www.bocadolobo.com\/en\/room-by-room\/dining-rooms\/wooden-finishes\/?utm_origem=blog&amp;utm_meio=artigo-texto&amp;utm_conteudo=inspirationandideas-artbaselmiamibeach&amp;utm_campanha=brandawareness&amp;utm_termo=aribeiro\" target=\"_blank\" title=\"\">wood<\/a><\/strong>, <strong><a rel=\"noreferrer noopener\" href=\"https:\/\/www.bocadolobo.com\/en\/inspiration-and-ideas\/category\/materials-textures\/?utm_origem=blog&amp;utm_meio=artigo-texto&amp;utm_conteudo=inspirationandideas-artbaselmiamibeach&amp;utm_campanha=brandawareness&amp;utm_termo=aribeiro\" target=\"_blank\" title=\"\">manipulating materials<\/a><\/strong> appreciated by the Mesoamerican peoples for their symbolism and usefulness, presented by Proyectos Monclova (Mexico City). <\/li>\n<\/ul>\n\n\n\n<p><\/p>\n\n\n\n<p><\/p>\n\n\n\n<p><\/p>\n\n\n\n<p><\/p>\n\n\n<div class=\"wp-block-image\">\n<figure class=\"aligncenter size-full is-resized\"><a href=\"https:\/\/www.bocadolobo.com\/en\/inspiration-and-ideas\/wp-content\/uploads\/2023\/12\/HH_thmb.png\" rel=\"mfp\" title=\"\"><img decoding=\"async\" loading=\"lazy\" src=\"https:\/\/www.bocadolobo.com\/en\/inspiration-and-ideas\/wp-content\/uploads\/2023\/12\/HH_thmb.png\" alt=\"\" class=\"wp-image-63597\" width=\"841\" height=\"526\" srcset=\"https:\/\/www.bocadolobo.com\/en\/inspiration-and-ideas\/wp-content\/uploads\/2023\/12\/HH_thmb.png 510w, https:\/\/www.bocadolobo.com\/en\/inspiration-and-ideas\/wp-content\/uploads\/2023\/12\/HH_thmb-300x188.png 300w, https:\/\/www.bocadolobo.com\/en\/inspiration-and-ideas\/wp-content\/uploads\/2023\/12\/HH_thmb-480x300.png 480w\" sizes=\"(max-width: 841px) 100vw, 841px\"><\/a><figcaption class=\"wp-element-caption\"><strong>Source: <a rel=\"noreferrer noopener\" href=\"https:\/\/www.artbasel.com\/miami-beach\" target=\"_blank\" title=\"\">Art Basel<\/a> | Miami Beach<\/strong><\/figcaption><\/figure>\n<\/div>\n\n\n<p><\/p>\n\n\n\n<p><\/p>\n\n\n\n<p><\/p>\n\n\n\n<p><\/p>\n\n\n\n<p><\/p>\n\n\n\n<p><\/p>\n\n\n\n<p><\/p>\n\n\n\n<h5 class=\"wp-block-heading has-text-align-center\">\n<em>Art Basel Miami Beach<\/em> | Kabinett<br>\n<\/h5>\n\n\n\n<p>A mainstay section of the Miami Beach show, featuring art-historical and solo showcases, Kabinett will return with 28 concisely curated installations presented within exhibitors\u2019 main booths.<\/p>\n\n\n\n<h5 class=\"wp-block-heading has-text-align-center\">\n<br>Highlights include:<\/h5>\n\n\n\n<p><\/p>\n\n\n\n<ul>\n<li>The first-ever solo presentation in the U.S. of British painter and former punk band manager Caroline Coon, featuring a selection from the artist\u2019s ongoing \u2018beach series\u2019 and coinciding with her inclusion in Tate Britain\u2019s group show \u2018Women in Revolt!\u2019, presented by Stephen Friedman Gallery (London, New York).<br>\n<\/li>\n\n\n\n<li>Cafe Cleopatra (2023), a site-specific installation of new sculptures and drawings by New York-based artist Elisabeth Kley, known for her black and white ceramic sculptures, vessels, drawings, and paintings inspired by modernist theater sets and costume designs, presented by Canada (New York, East Hampton).<br>\n<\/li>\n\n\n\n<li>New paintings by Cherokee artist Kay WalkingStick, presented by Hales (New York), in which the artist overlays vistas of rural American landscapes with the designs of the Native American people who have inhabited the area.<br>\n<\/li>\n\n\n\n<li>A new series of lenticular prints by American artist Kandis Williams, which, through theatrical and cinematic portrayals of Black female characters, test the limits of racial and gendered tropes, presented by Mor\u00e1n Mor\u00e1n (Los Angeles, Mexico City).<br>\n<\/li>\n\n\n\n<li>New works in ceramics and watercolors by Brazilian artist Sallisa Rosa, prepared especially for the fair and forming part of the Brazilian artist\u2019s ongoing investigations into memory through materiality, presented by A Gentil Carioca (Rio de Janeiro, S\u00e3o Paulo)<br><br><br>\n<\/li>\n<\/ul>\n\n\n\n<p>Furthermore, the fair will host exhibitors across its four additional sectors, announced earlier this year. Highlights from Galleries, where the world\u2019s leading galleries present the full breadth of their program, include historic and never-before-seen works by ArgentinianItalian surrealist Leonor Fini from the artist\u2019s personal collection, jointly presented by Galerie Minsky (Paris) and Weinstein Gallery (San Francisco), as well as an homage to Brockman Gallery, the first major contemporary gallery run by and for Black artists, coorganized by Parrasch Heijnen Gallery (Los Angeles) and Franklin Parrasch Gallery (New York) in collaboration with Alonzo Davis, one of Brockman Gallery\u2019s founders. <br><\/p>\n\n\n\n<p><\/p>\n\n\n\n<p><\/p>\n\n\n\n<p><\/p>\n\n\n\n<p><\/p>\n\n\n\n<p><\/p>\n\n\n\n<p><\/p>\n\n\n\n<p><\/p>\n\n\n\n<p><\/p>\n\n\n\n<p><\/p>\n\n\n\n<p><\/p>\n\n\n\n<p><\/p>\n\n\n\n<p><\/p>\n\n\n\n<p><\/p>\n\n\n\n<p><\/p>\n\n\n\n<figure class=\"wp-block-gallery has-nested-images columns-default is-cropped wp-block-gallery-3 is-layout-flex\">\n<figure class=\"wp-block-image size-large\"><a href=\"https:\/\/www.bocadolobo.com\/en\/products\/?utm_origem=blog&amp;utm_meio=artigo-imagem&amp;utm_conteudo=inspirationandideas-artbaselmiamibeac&amp;utm_campanha=brandawareness&amp;utm_termo=aribeiro\" target=\"_blank\" rel=\"noreferrer noopener\" title=\"\"><img decoding=\"async\" loading=\"lazy\" width=\"510\" height=\"319\" data-id=\"63607\" src=\"https:\/\/www.bocadolobo.com\/en\/inspiration-and-ideas\/wp-content\/uploads\/2023\/12\/y5kvclqqvwgwoawvacqk-1.jpg\" alt=\"\" class=\"wp-image-63607\" srcset=\"https:\/\/www.bocadolobo.com\/en\/inspiration-and-ideas\/wp-content\/uploads\/2023\/12\/y5kvclqqvwgwoawvacqk-1.jpg 510w, https:\/\/www.bocadolobo.com\/en\/inspiration-and-ideas\/wp-content\/uploads\/2023\/12\/y5kvclqqvwgwoawvacqk-1-300x188.jpg 300w, https:\/\/www.bocadolobo.com\/en\/inspiration-and-ideas\/wp-content\/uploads\/2023\/12\/y5kvclqqvwgwoawvacqk-1-480x300.jpg 480w\" sizes=\"(max-width: 510px) 100vw, 510px\"><\/a><figcaption class=\"wp-element-caption\"><strong>Source: <a rel=\"noreferrer noopener\" href=\"https:\/\/www.artbasel.com\/miami-beach\" target=\"_blank\" title=\"\">Art Basel<\/a> | Miami Beach<\/strong><\/figcaption><\/figure>\n\n\n\n<figure class=\"wp-block-image size-large\"><a href=\"https:\/\/www.bocadolobo.com\/en\/room-by-room\/?utm_origem=blog&amp;utm_meio=artigo-imagem&amp;utm_conteudo=inspirationandideas-artbaselmiamibeac&amp;utm_campanha=brandawareness&amp;utm_termo=aribeiro\" target=\"_blank\" rel=\"noreferrer noopener\" title=\"\"><img decoding=\"async\" loading=\"lazy\" width=\"510\" height=\"319\" data-id=\"63606\" src=\"https:\/\/www.bocadolobo.com\/en\/inspiration-and-ideas\/wp-content\/uploads\/2023\/12\/yz6gnfu3iuag2wcld1ug.jpg\" alt=\"\" class=\"wp-image-63606\" srcset=\"https:\/\/www.bocadolobo.com\/en\/inspiration-and-ideas\/wp-content\/uploads\/2023\/12\/yz6gnfu3iuag2wcld1ug.jpg 510w, https:\/\/www.bocadolobo.com\/en\/inspiration-and-ideas\/wp-content\/uploads\/2023\/12\/yz6gnfu3iuag2wcld1ug-300x188.jpg 300w, https:\/\/www.bocadolobo.com\/en\/inspiration-and-ideas\/wp-content\/uploads\/2023\/12\/yz6gnfu3iuag2wcld1ug-480x300.jpg 480w\" sizes=\"(max-width: 510px) 100vw, 510px\"><\/a><figcaption class=\"wp-element-caption\"><strong>Source: <a rel=\"noreferrer noopener\" href=\"https:\/\/www.artbasel.com\/miami-beach\" target=\"_blank\" title=\"\">Art Basel<\/a> | Miami Beach<\/strong><\/figcaption><\/figure>\n<\/figure>\n\n\n\n<p><br><br><\/p>\n\n\n\n<p><\/p>\n\n\n\n<p><\/p>\n\n\n\n<p><\/p>\n\n\n\n<p><\/p>\n\n\n\n<p><\/p>\n\n\n\n<p><\/p>\n\n\n\n<p><\/p>\n\n\n\n<p><\/p>\n\n\n\n<p><\/p>\n\n\n\n<p><\/p>\n\n\n\n<p><\/p>\n\n\n\n<p><\/p>\n\n\n\n<p><\/p>\n\n\n\n<p><\/p>\n\n\n\n<p><\/p>\n\n\n\n<p>In Nova, the sector for galleries presenting new works by up to three artists, The Ranch (New York) will showcase never-before-exhibited sculptures by Puerto Rican artist Daniel Lind-Ramos inspired by his hometown of Lo\u00edza, the largest Afro-Caribbean enclave in Puerto Rico, while Gypsum Gallery (Cairo) will present new paintings by Egyptian artist Basim Magdy, the first staging of the artist\u2019s paintings in a U.S. context.<br><\/p>\n\n\n\n<p>In Positions, the sector for young galleries showcasing ambitious solo presentations by emerging voices, Galatea (Rio de Janeiro) will exhibit a new photo series by Brazilian artist Allan Weber, known for his work on everyday life in Rio de Janeiro\u2019s favelas. Also in the sector, D\u00fcrst Britt &amp; Mayhew (The Hague), the first Dutch gallery to participate in <strong><em>Art Basel Miami Beach<\/em><\/strong>, will present new work, <strong><a href=\"https:\/\/www.bocadolobo.com\/blog\/exclusive\/the-exquisite-craftsmanship-of-boca-do-lobos-wood-carving\/?utm_origem=blog&amp;utm_meio=artigo-texto&amp;utm_conteudo=inspirationandideas-artbaselmiamibeach&amp;utm_campanha=brandawareness&amp;utm_termo=aribeiro\" target=\"_blank\" rel=\"noreferrer noopener\" title=\"\">hand-carved<\/a> on native <a rel=\"noreferrer noopener\" href=\"https:\/\/www.bocadolobo.com\/en\/inspiration-and-ideas\/tag\/wood\/?utm_origem=blog&amp;utm_meio=artigo-texto&amp;utm_conteudo=inspirationandideas-artbaselmiamibeach&amp;utm_campanha=brandawareness&amp;utm_termo=aribeiro\" target=\"_blank\" title=\"\">wood<\/a><\/strong>, by Mexican artist Alejandra Venegas. Highlights from Survey, dedicated to galleries showcasing artistic practices of historical relevance, include solo presentations of American artist and activist Karen Finley centered on her seminal 1977 interactive installation at the Museum of Contemporary Art, Los Angeles, during a protracted legal battle with the National Endowment for the Arts, presented by Freight+Volume (New York), as well as American artist Vivian Browne, whose \u2018Africa Series\u2019 paintings from the 1970s will be presented at the fair by Ryan Lee (New York).<\/p>\n\n\n\n<p><\/p>\n\n\n\n<p><\/p>\n\n\n\n<p><\/p>\n\n\n\n<p><\/p>\n\n\n\n<p><\/p>\n\n\n\n<p><\/p>\n\n\n\n<p><\/p>\n\n\n\n<p><\/p>\n\n\n\n<p><\/p>\n\n\n\n<p><\/p>\n\n\n\n<p><\/p>\n\n\n\n<p><\/p>\n\n\n\n<p><\/p>\n\n\n\n<p><\/p>\n\n\n\n<p><\/p>\n\n\n\n<p><\/p>\n\n\n<div class=\"wp-block-image\">\n<figure class=\"aligncenter size-full is-resized\"><a href=\"https:\/\/www.bocadolobo.com\/en\/products\/?utm_origem=blog&amp;utm_meio=artigo-imagem&amp;utm_conteudo=inspirationandideas-artbaselmiamibeac&amp;utm_campanha=brandawareness&amp;utm_termo=aribeiro\" target=\"_blank\" rel=\"noreferrer noopener\" title=\"\"><img decoding=\"async\" loading=\"lazy\" src=\"https:\/\/www.bocadolobo.com\/en\/inspiration-and-ideas\/wp-content\/uploads\/2023\/12\/On_view_now_Miami_2023_5.png\" alt=\"\" class=\"wp-image-63609\" width=\"839\" height=\"525\" srcset=\"https:\/\/www.bocadolobo.com\/en\/inspiration-and-ideas\/wp-content\/uploads\/2023\/12\/On_view_now_Miami_2023_5.png 510w, https:\/\/www.bocadolobo.com\/en\/inspiration-and-ideas\/wp-content\/uploads\/2023\/12\/On_view_now_Miami_2023_5-300x188.png 300w, https:\/\/www.bocadolobo.com\/en\/inspiration-and-ideas\/wp-content\/uploads\/2023\/12\/On_view_now_Miami_2023_5-480x300.png 480w\" sizes=\"(max-width: 839px) 100vw, 839px\"><\/a><figcaption class=\"wp-element-caption\"><strong>Source: <a rel=\"noreferrer noopener\" href=\"https:\/\/www.artbasel.com\/miami-beach\" target=\"_blank\" title=\"\">Art Basel<\/a> | Miami Beach<\/strong><\/figcaption><\/figure>\n<\/div>\n\n\n<p><br><\/p>\n\n\n\n<h5 class=\"wp-block-heading has-text-align-center\"><br><\/h5>\n\n\n\n<p><\/p>\n\n\n\n<p><\/p>\n\n\n\n<p><\/p>\n\n\n\n<p><\/p>\n\n\n\n<p><\/p>\n\n\n\n<p><\/p>\n\n\n\n<p><\/p>\n\n\n\n<p><\/p>\n\n\n\n<p><\/p>\n\n\n\n<p><\/p>\n\n\n\n<h5 class=\"wp-block-heading has-text-align-center\">\n<em>Art Basel Miami Beach<\/em> | Conversations<\/h5>\n\n\n\n<p><\/p>\n\n\n\n<p>Running from December 7 to 9 and free to the public, Conversations is a series of live debates bringing together some of today\u2019s most inspiring cultural figures. Curated by Emily Butler, the renowned series this year features 35 thought leaders across nine panels celebrating Latin America and providing insights into the evolving global art scene. The program draws inspiration from the city of Miami\u2019s position as a gateway to Latin America and the Caribbean to honor Afro-Latino, Latino, and feminist histories, the artistic ecologies of Florida, and other topical issues in 2023.<br><\/p>\n\n\n\n<p><\/p>\n\n\n\n<h5 class=\"wp-block-heading has-text-align-center\"><strong><br><\/strong><\/h5>\n\n\n\n<p><\/p>\n\n\n\n<p><\/p>\n\n\n\n<p><\/p>\n\n\n\n<p><\/p>\n\n\n\n<p><\/p>\n\n\n\n<p><\/p>\n\n\n\n<p><\/p>\n\n\n\n<p><\/p>\n\n\n\n<p><\/p>\n\n\n\n<p><\/p>\n\n\n\n<p><\/p>\n\n\n\n<p><\/p>\n\n\n\n<p><\/p>\n\n\n\n<h5 class=\"wp-block-heading has-text-align-center\">Highlights include:<\/h5>\n\n\n\n<p><br><\/p>\n\n\n\n<ul>\n<li>For \u2018Premiere Artist Talk,\u2019 a tribute to the practice of leading artist Mar\u00eda Magdalena Campos-Pons, from her youth in Cuba to her acclaimed retrospective on tour in the U.S., presently on view at The Brooklyn Museum. Campos-Pons will be in discussion with Franklin Sirmans, Director of P\u00e9rez Art Museum Miami, and Crystal Williams, President of Rhode Island School of Design.<br>\n<\/li>\n\n\n\n<li>Singer-songwriter, producer, and activist Chance the Rapper.<br>\n<\/li>\n\n\n\n<li>Collector, curator, and philanthropist Estrellita Brodsky with artist Guadalupe Maravilla and Art Basel Executive Editor Coline Milliard.<br>\n<\/li>\n\n\n\n<li>Directors of new and recently re-opened US institutions \u2013 Jillian Jones of The Albright-Knoxx Museum, Tonya M. Matthews of the International African American Museum, and Silvia Karman Cubi\u00f1\u00e1 of The Bass Museum \u2013 exploring the question of how museums remain relevant with cultural strategy advisor Andr\u00e1s Sz\u00e1nt\u00f3.<br>\n<\/li>\n\n\n\n<li>Other panels include: \u2018Collecting in Brazil,\u2019 with a look at the current state of the art market in Latin America; \u2018Artist-Led Residencies in Florida\u2019; \u2018From Supercontinents to Florida: Artists on Climate Change\u2019; \u2018Biohacking Creativity\u2019; and \u2018Found in Translation\u2019.<\/li>\n<\/ul>\n\n\n\n<p><br><\/p>\n\n\n\n<p><\/p>\n\n\n\n<p><\/p>\n\n\n\n<p><\/p>\n\n\n<div class=\"wp-block-image\">\n<figure class=\"aligncenter size-large\"><a href=\"https:\/\/www.bocadolobo.com\/en\/room-by-room\/?utm_origem=blog&amp;utm_meio=artigo-imagem&amp;utm_conteudo=inspirationandideas-artbaselmiamibeac&amp;utm_campanha=brandawareness&amp;utm_termo=aribeiro\" target=\"_blank\" rel=\"noreferrer noopener\" title=\"\"><img decoding=\"async\" loading=\"lazy\" width=\"1024\" height=\"439\" src=\"https:\/\/www.bocadolobo.com\/en\/inspiration-and-ideas\/wp-content\/uploads\/2023\/12\/Art_Basel_Miami_Beach_2023_Ebony_G_Patterson_thubmnail__002_-1-1024x439.jpg\" alt=\"\" class=\"wp-image-63612\" srcset=\"https:\/\/www.bocadolobo.com\/en\/inspiration-and-ideas\/wp-content\/uploads\/2023\/12\/Art_Basel_Miami_Beach_2023_Ebony_G_Patterson_thubmnail__002_-1-1024x439.jpg 1024w, https:\/\/www.bocadolobo.com\/en\/inspiration-and-ideas\/wp-content\/uploads\/2023\/12\/Art_Basel_Miami_Beach_2023_Ebony_G_Patterson_thubmnail__002_-1-300x129.jpg 300w, https:\/\/www.bocadolobo.com\/en\/inspiration-and-ideas\/wp-content\/uploads\/2023\/12\/Art_Basel_Miami_Beach_2023_Ebony_G_Patterson_thubmnail__002_-1-768x329.jpg 768w, https:\/\/www.bocadolobo.com\/en\/inspiration-and-ideas\/wp-content\/uploads\/2023\/12\/Art_Basel_Miami_Beach_2023_Ebony_G_Patterson_thubmnail__002_-1-1536x659.jpg 1536w, https:\/\/www.bocadolobo.com\/en\/inspiration-and-ideas\/wp-content\/uploads\/2023\/12\/Art_Basel_Miami_Beach_2023_Ebony_G_Patterson_thubmnail__002_-1-1400x600.jpg 1400w, https:\/\/www.bocadolobo.com\/en\/inspiration-and-ideas\/wp-content\/uploads\/2023\/12\/Art_Basel_Miami_Beach_2023_Ebony_G_Patterson_thubmnail__002_-1-900x386.jpg 900w, https:\/\/www.bocadolobo.com\/en\/inspiration-and-ideas\/wp-content\/uploads\/2023\/12\/Art_Basel_Miami_Beach_2023_Ebony_G_Patterson_thubmnail__002_-1.jpg 1663w\" sizes=\"(max-width: 1024px) 100vw, 1024px\"><\/a><figcaption class=\"wp-element-caption\"><strong>Source: <a rel=\"noreferrer noopener\" href=\"https:\/\/www.artbasel.com\/miami-beach\" target=\"_blank\" title=\"\">Art Basel<\/a> | Miami Beach<\/strong><\/figcaption><\/figure>\n<\/div>\n\n\n<p><\/p>\n\n\n\n<p><\/p>\n\n\n\n<p><\/p>\n\n\n\n<p><\/p>\n\n\n\n<p><\/p>\n\n\n\n<p><\/p>\n\n\n\n<p><\/p>\n\n\n\n<p><\/p>\n\n\n\n<h5 class=\"wp-block-heading has-text-align-center\">Museum Shows, Private Collections, and additional programming<\/h5>\n\n\n\n<p>Visitors to the fair will have the opportunity to experience a range of outstanding events, exhibitions, and <strong><a href=\"https:\/\/www.bocadolobo.com\/en\/projects\/?utm_origem=blog&amp;utm_meio=artigo-texto&amp;utm_conteudo=inspirationandideas-artbaselmiamibeach&amp;utm_campanha=brandawareness&amp;utm_termo=aribeiro\" target=\"_blank\" rel=\"noreferrer noopener\" title=\"\">special projects<\/a><\/strong> beyond the halls throughout the fair week, hosted by Art Basel\u2019s world-class cultural partners. <strong>Major shows coinciding with Art Basel include:<\/strong><\/p>\n\n\n\n<p><\/p>\n\n\n\n<p><strong>The Bass:<\/strong><br>\u2018Hernan Bas \u2013 The Conceptualists\u2019<br>\u2018Anne Duk Hee Jordan \u2013 I will always weather with you\u2019<br>\u2018Etel Adnan \u2013 Painting into Space\u2019<br>\u2018Nam June Paik \u2013 The Miami Years\u2019<br>\u2018Carola Bravo \u2013 Between Absence and Presence\u2019<\/p>\n\n\n\n<p><\/p>\n\n\n\n<p><strong>de la Cruz<br><\/strong>\u2018House in Motion \/ New Perspective\u2019<\/p>\n\n\n\n<p><\/p>\n\n\n\n<p><strong>The Institute of Contemporary Art, Miami (ICA Miami)<br><\/strong>\u2018Ahmed Morsi in New York: Elegy of the Sea\u2019<br>\u2018Sasha Gordon\u2019<br>\u2018Anne Collier\u2019<br>\u2018Charles Gaines: 1992-2023\u2019<br>\u2018Tau Lewis\u2019<\/p>\n\n\n\n<p><\/p>\n\n\n\n<p><strong>Locust Projects<\/strong><br>\u2018Cornelius Tulloch: Poetics of Place\u2019<br>\u2018Tania Candiani: Waterbirds: Migratory Sound Flow\u2019<\/p>\n\n\n\n<p><\/p>\n\n\n\n<p><strong>Marquez Art Projects (MAP)<\/strong><br>\u2018Cristina de Miguel: Your Body Is Pieces\u2019<\/p>\n\n\n\n<p><\/p>\n\n\n\n<p><strong>Margulies Collection at the Warehouse<\/strong><br>\u2018Mimmo Paladino: Painting and Sculpture\u2019<br>\u2018Motherwell, Segal, Stella\u2019<br>\u2018Helen Levitt \u2013 New York Street Photographer 1930s-1990s\u2019<br>\u2018Only Sculpture: Bladen, Fabro, Heizer, Noguchi, Perlman, Merz, Serra, Tony Smith,<br>Snelson, Tucker, Franz West, Wilmarth\u2019<br>\u2018New to the Collection: Jenny Brosinski, David Deutsch, J\u00fcrgen Drescher, Hadi<br>Falapishi, Anna Fasshauer, Duane Linklater, Alessandro Piangiamore, Magnus<br>Plessen, Sara Ramo, Rose B. Simpson, Giuseppe Spangulo, Lisa Williamson,<br>Marina Zurkow, and James Schmitz\u2019<br>\u2018Danny Lyon: 100 Photographs\u2019<\/p>\n\n\n\n<p><\/p>\n\n\n\n<p><strong>P\u00e9rez Art Museum Miami (PAMM)<br><\/strong>\u2018Gary Simmons: Public Enemy\u2019<br>\u2018Joan Didion: What She Means\u2019<br>\u2018Yayoi Kusama: Love is Calling\u2019<br>\u2018Madeleine Hunt-Ehrlich: Too Bright to See\u2019<br>\u2018Marcela Cantu\u00e1ria: The South American Dream\u2019<br>\u2018Jason Seife: Coming to Fruition\u2019<\/p>\n\n\n\n<p><\/p>\n\n\n\n<p><strong>NSU Art Museum Fort Lauderdale<br><\/strong>\u2018Walasse Ting: Parrot Jungle\u2019<br>\u2018Glory of the World: Color Field Painting (1950s to 1983)\u2019<br>\u2018Pablo Picasso: Dust You Are, To Dust You Return\u2019<br>\u2018House of Glackens\u2019<br>\u2018Cosmic Mirrors: Haitian Art Highlights from the Collection\u2019<br>\u2018The Eye of CoBrA\u2019<\/p>\n\n\n\n<p><\/p>\n\n\n\n<p><strong>Rubell Museum<br><\/strong>\u2018Collection Highlights\u2019<\/p>\n\n\n\n<p><\/p>\n\n\n\n<p><\/p>\n\n\n\n<p><\/p>\n\n\n\n<p><\/p>\n\n\n\n<p><\/p>\n\n\n\n<p><\/p>\n\n\n\n<p><\/p>\n\n\n\n<p><\/p>\n\n\n\n<p><\/p>\n\n\n\n<p><\/p>\n\n\n\n<p><\/p>\n\n\n\n<p><\/p>\n\n\n\n<p><\/p>\n\n\n<div class=\"wp-block-image\">\n<figure class=\"aligncenter size-full is-resized\"><a href=\"https:\/\/www.bocadolobo.com\/en\/products\/?utm_origem=blog&amp;utm_meio=artigo-imagem&amp;utm_conteudo=inspirationandideas-artbaselmiamibeac&amp;utm_campanha=brandawareness&amp;utm_termo=aribeiro\" target=\"_blank\" rel=\"noreferrer noopener\" title=\"\"><img decoding=\"async\" loading=\"lazy\" src=\"https:\/\/www.bocadolobo.com\/en\/inspiration-and-ideas\/wp-content\/uploads\/2023\/12\/Art_Basel_Kincaid_B_Courtship_of_Fireflies_Thumb.jpg\" alt=\"\" class=\"wp-image-63611\" width=\"843\" height=\"527\" srcset=\"https:\/\/www.bocadolobo.com\/en\/inspiration-and-ideas\/wp-content\/uploads\/2023\/12\/Art_Basel_Kincaid_B_Courtship_of_Fireflies_Thumb.jpg 510w, https:\/\/www.bocadolobo.com\/en\/inspiration-and-ideas\/wp-content\/uploads\/2023\/12\/Art_Basel_Kincaid_B_Courtship_of_Fireflies_Thumb-300x188.jpg 300w, https:\/\/www.bocadolobo.com\/en\/inspiration-and-ideas\/wp-content\/uploads\/2023\/12\/Art_Basel_Kincaid_B_Courtship_of_Fireflies_Thumb-480x300.jpg 480w\" sizes=\"(max-width: 843px) 100vw, 843px\"><\/a><figcaption class=\"wp-element-caption\"><strong>Source: <a rel=\"noreferrer noopener\" href=\"https:\/\/www.artbasel.com\/miami-beach\" target=\"_blank\" title=\"\">Art Basel<\/a> | Miami Beach<\/strong><\/figcaption><\/figure>\n<\/div>\n\n\n<p><br><\/p>\n\n\n\n<p><\/p>\n\n\n\n<p><\/p>\n\n\n\n<p><\/p>\n\n\n\n<p><\/p>\n\n\n\n<p><\/p>\n\n\n\n<p><\/p>\n\n\n\n<p><\/p>\n\n\n\n<p><\/p>\n\n\n\n<h5 class=\"wp-block-heading has-text-align-center\">Ready to attend<em> Art Basel Miami Beach<\/em>?<\/h5>\n\n\n\n<p><\/p>\n\n\n\n<p><\/p>\n\n\n\n<p><\/p>\n\n\n\n<p><\/p>\n\n\n\n<p><\/p>\n\n\n\n<p><\/p>\n\n\n\n<p><\/p>\n\n\n\n<p><\/p>\n\n\n\n<p><\/p>\n\n\n\n<p><\/p>\n\n\n\n<p><\/p>\n\n\n\n<p><\/p>\n\n\n\n<hr class=\"wp-block-separator has-alpha-channel-opacity\">\n\n\n\n<h5 class=\"wp-block-heading has-text-align-center\"><br><\/h5>\n\n\n\n<p><\/p>\n\n\n\n<p><\/p>\n\n\n\n<p><\/p>\n\n\n\n<p><\/p>\n\n\n\n<p><\/p>\n\n\n\n<p><\/p>\n\n\n\n<p><\/p>\n\n\n\n<p><\/p>\n\n\n\n<p><\/p>\n\n\n\n<p><\/p>\n\n\n\n<h5 class=\"wp-block-heading has-text-align-center\">See also: <a href=\"https:\/\/www.bocadolobo.com\/en\/inspiration-and-ideas\/dive-into-intimate-luxury-book-by-boca-do-lobo\/?utm_origem=blog&amp;utm_meio=artigo-texto&amp;utm_conteudo=inspirationandideas-artbaselmiamibeach&amp;utm_campanha=brandawareness&amp;utm_termo=aribeiro\" target=\"_blank\" rel=\"noreferrer noopener\" title=\"\">Dive Into Intimate Luxury Book by Boca do Lobo<\/a>\n<\/h5>\n\n\n\n<p><\/p>\n\n\n\n<p><\/p>\n\n\n\n<p><\/p>\n\n\n\n<p><\/p>\n\n\n\n<p><\/p>\n\n\n\n<p><\/p>\n\n\n\n<p><\/p>\n\n\n\n<p><\/p>\n\n\n<div class=\"wp-block-image\">\n<figure class=\"aligncenter size-large\"><a href=\"https:\/\/www.bocadolobo.com\/en\/landing-page\/ebooks\/new-arrivals\/?utm_origem=blog&amp;utm_meio=artigo-banner&amp;utm_conteudo=inspirationandideas-artbaselmiamibeac&amp;utm_campanha=brandawareness&amp;utm_termo=aribeiro\" target=\"_blank\" rel=\"noreferrer noopener\" title=\"\"><img decoding=\"async\" loading=\"lazy\" width=\"1024\" height=\"584\" src=\"https:\/\/www.bocadolobo.com\/en\/inspiration-and-ideas\/wp-content\/uploads\/2023\/01\/Banner-New-Arrivals-7-1024x584.jpg\" alt=\"LUXXU Showroom\" class=\"wp-image-56381\" srcset=\"https:\/\/www.bocadolobo.com\/en\/inspiration-and-ideas\/wp-content\/uploads\/2023\/01\/Banner-New-Arrivals-7-1024x584.jpg 1024w, https:\/\/www.bocadolobo.com\/en\/inspiration-and-ideas\/wp-content\/uploads\/2023\/01\/Banner-New-Arrivals-7-300x171.jpg 300w, https:\/\/www.bocadolobo.com\/en\/inspiration-and-ideas\/wp-content\/uploads\/2023\/01\/Banner-New-Arrivals-7-768x438.jpg 768w, https:\/\/www.bocadolobo.com\/en\/inspiration-and-ideas\/wp-content\/uploads\/2023\/01\/Banner-New-Arrivals-7-1536x875.jpg 1536w, https:\/\/www.bocadolobo.com\/en\/inspiration-and-ideas\/wp-content\/uploads\/2023\/01\/Banner-New-Arrivals-7-1400x798.jpg 1400w, https:\/\/www.bocadolobo.com\/en\/inspiration-and-ideas\/wp-content\/uploads\/2023\/01\/Banner-New-Arrivals-7-900x513.jpg 900w, https:\/\/www.bocadolobo.com\/en\/inspiration-and-ideas\/wp-content\/uploads\/2023\/01\/Banner-New-Arrivals-7.jpg 1558w\" sizes=\"(max-width: 1024px) 100vw, 1024px\"><\/a><\/figure>\n<\/div>\n","protected":false},"excerpt":{"rendered":"<p>Founded in 1970 by gallerists from Basel, Art Basel Miami Beach today stages the world\u2019s premier art shows for modern and contemporary art, sited in Basel, Miami Beach, Hong Kong,&hellip;<\/p>\n","protected":false},"author":34,"featured_media":63628,"comment_status":"closed","ping_status":"closed","sticky":false,"template":"","format":"standard","meta":[],"categories":[27,2424,18],"tags":[],"_links":{"self":[{"href":"https:\/\/www.bocadolobo.com\/en\/inspiration-and-ideas\/wp-json\/wp\/v2\/posts\/63575"}],"collection":[{"href":"https:\/\/www.bocadolobo.com\/en\/inspiration-and-ideas\/wp-json\/wp\/v2\/posts"}],"about":[{"href":"https:\/\/www.bocadolobo.com\/en\/inspiration-and-ideas\/wp-json\/wp\/v2\/types\/post"}],"author":[{"embeddable":true,"href":"https:\/\/www.bocadolobo.com\/en\/inspiration-and-ideas\/wp-json\/wp\/v2\/users\/34"}],"replies":[{"embeddable":true,"href":"https:\/\/www.bocadolobo.com\/en\/inspiration-and-ideas\/wp-json\/wp\/v2\/comments?post=63575"}],"version-history":[{"count":24,"href":"https:\/\/www.bocadolobo.com\/en\/inspiration-and-ideas\/wp-json\/wp\/v2\/posts\/63575\/revisions"}],"predecessor-version":[{"id":63660,"href":"https:\/\/www.bocadolobo.com\/en\/inspiration-and-ideas\/wp-json\/wp\/v2\/posts\/63575\/revisions\/63660"}],"wp:featuredmedia":[{"embeddable":true,"href":"https:\/\/www.bocadolobo.com\/en\/inspiration-and-ideas\/wp-json\/wp\/v2\/media\/63628"}],"wp:attachment":[{"href":"https:\/\/www.bocadolobo.com\/en\/inspiration-and-ideas\/wp-json\/wp\/v2\/media?parent=63575"}],"wp:term":[{"taxonomy":"category","embeddable":true,"href":"https:\/\/www.bocadolobo.com\/en\/inspiration-and-ideas\/wp-json\/wp\/v2\/categories?post=63575"},{"taxonomy":"post_tag","embeddable":true,"href":"https:\/\/www.bocadolobo.com\/en\/inspiration-and-ideas\/wp-json\/wp\/v2\/tags?post=63575"}],"curies":[{"name":"wp","href":"https:\/\/api.w.org\/{rel}","templated":true}]}}